{"id":1743,"date":"2026-04-25T17:08:24","date_gmt":"2026-04-25T15:08:24","guid":{"rendered":"https:\/\/parafiaszczawa.pl\/?p=1743"},"modified":"2026-04-25T17:09:48","modified_gmt":"2026-04-25T15:09:48","slug":"iv-niedziela-wielkanocna-26-04-2026","status":"publish","type":"post","link":"https:\/\/parafiaszczawa.pl\/index.php\/2026\/04\/25\/iv-niedziela-wielkanocna-26-04-2026\/","title":{"rendered":"IV Niedziela Wielkanocna\u00a0 26.04.2026"},"content":{"rendered":"\n<p><strong>Niedziela Dobrego Pasterza<\/strong><\/p>\n\n\n\n<ol class=\"wp-block-list\">\n<li>Prze\u017cywamy dzisiaj Niedziel\u0119 Dobrego Pasterza.&nbsp; Rozpoczynamy tydzie\u0144 modlitw o powo\u0142ania do s\u0142u\u017cby w Ko\u015bciele. B\u00f3g zap\u0142a\u0107 za dzisiejsze ofiary na tac\u0119, przeznaczone na WSD w Tarnowie.<\/li>\n\n\n\n<li>W liturgii Ko\u015bcio\u0142a: w \u015brod\u0119 Dzie\u0144 M\u0119cze\u0144stwa Duchowie\u0144stwa Polskiego podczas II wojny \u015bwiatowej; w \u015brod\u0119 rozpoczyna si\u0119 nowenna do \u015bw. Stanis\u0142awa BM; w tym tygodniu I Pi\u0105tek i I Sobota maja. Zapraszamy do uczczenia Naj\u015bw. Serca P. Jezusa i Niep. Serca NMP; spowied\u017a przed I Pi\u0105tkiem we czwartek od 17.00; odwiedziny chorych z pos\u0142ug\u0105 sakramentaln\u0105 pi\u0105tek od 8.30, obaj kap\u0142ani; We czwartek wieczorem rozpoczynamy nabo\u017ce\u0144stwa majowe. W dni powszednie nabo\u017ce\u0144stwa te b\u0119d\u0105 po Mszy \u015bwi\u0119tej wieczornej, a w niedziele i uroczysto\u015bci o godz. <strong>16.30<\/strong>. Serdecznie zapraszamy. Prosimy, aby przyozdobi\u0107 kapliczki w waszych osiedlach i odprawia\u0107 przy nich nabo\u017ce\u0144stwo majowe.<\/li>\n\n\n\n<li>W sobot\u0119 uroczysto\u015b\u0107 NMP Kr\u00f3lowej Polski przeniesiona z niedzieli. Msze \u015bw. w sobot\u0119 o 7.00, 9.00, 11.00, 17.00. Wszystkich serdecznie zapraszamy do uczczenia Matki Bo\u017cej i modlitwy w intencji Ojczyzny.<\/li>\n\n\n\n<li>We wtorek spotkanie LSO o godz. 17.00. &nbsp;W \u015brod\u0119 i pi\u0105tek na wieczorn\u0105 Msz\u0119 \u015bwi\u0119t\u0105 zapraszamy dzieci z klas III z rodzicami w ramach przygotowania do I Komunii \u015bwi\u0119tej. Po Mszy pr\u00f3ba przed uroczysto\u015bci\u0105 I Komunii.<\/li>\n\n\n\n<li>W sobot\u0119 po sumie Pierwsza Spowied\u017a dzieci komunijnych.<\/li>\n\n\n\n<li>W przysz\u0142\u0105 niedziel\u0119, na Mszy \u015bwi\u0119tej o godz. <strong>11.00<\/strong>, prze\u017cywa\u0107 b\u0119dziemy uroczysto\u015b\u0107 Pierwszej Komunii \u015bwi\u0119tej. Naszymi modlitwami otoczmy dzieci pierwszokomunijne i ich rodziny.<\/li>\n\n\n\n<li>B\u00f3g zap\u0142a\u0107 za sk\u0142adk\u0119 inwestycyjn\u0105 z minionej niedzieli na pokrycie koszt\u00f3w ogrzewania, kt\u00f3ra wynios\u0142a 4164z\u0142. B\u00f3g zap\u0142a\u0107 za ofiary na ko\u015bci\u00f3\u0142. B\u00f3g zap\u0142a\u0107 tak\u017ce za ofiary z\u0142o\u017cone na konto parafialne. B\u00f3g zap\u0142a\u0107 za trosk\u0119 o czysto\u015b\u0107 naszej \u015bwi\u0105tyni. P. Marii za sta\u0142\u0105 trosk\u0119 o pi\u0119kno naszych ko\u015bcio\u0142\u00f3w. P. Janowi za wymian\u0119 domofonu na plebanii; Panom Grzegorzowi i Stanis\u0142awowi za roz\u0142adunek pelletu do ogrzewania. Za wszelkie modlitwy i dobro B\u00f3g zap\u0142a\u0107.<\/li>\n\n\n\n<li>INTENCJE. Gregorianka za \u015bp. Stanis\u0142awa Majerskiego b\u0119dzie sprawowana poza parafi\u0105 od 1. maja.<\/li>\n\n\n\n<li><strong>\u00a0Prasa.<\/strong> Zach\u0119camy do nabycia prasy katolickiej. Jest <strong>\u201eGo\u015b\u0107 Niedzielny\u201d , \u201eNiedziela\u201d<\/strong>. Jest te\u017c prasa katolicka dla dzieci \u2013 <strong><em>\u201eMa\u0142y Go\u015b\u0107\u201d<\/em><\/strong>, &#8222;Pomyczek Dobra&#8221; .<\/li>\n<\/ol>\n","protected":false},"excerpt":{"rendered":"<p>Niedziela Dobrego Pasterza<\/p>\n","protected":false},"author":2,"featured_media":0,"comment_status":"closed","ping_status":"closed","sticky":false,"template":"","format":"standard","meta":{"ngg_post_thumbnail":0,"footnotes":""},"categories":[1],"tags":[],"class_list":["post-1743","post","type-post","status-publish","format-standard","hentry","category-uncategorized"],"_links":{"self":[{"href":"https:\/\/parafiaszczawa.pl\/index.php\/wp-json\/wp\/v2\/posts\/1743","targetHints":{"allow":["GET"]}}],"collection":[{"href":"https:\/\/parafiaszczawa.pl\/index.php\/wp-json\/wp\/v2\/posts"}],"about":[{"href":"https:\/\/parafiaszczawa.pl\/index.php\/wp-json\/wp\/v2\/types\/post"}],"author":[{"embeddable":true,"href":"https:\/\/parafiaszczawa.pl\/index.php\/wp-json\/wp\/v2\/users\/2"}],"replies":[{"embeddable":true,"href":"https:\/\/parafiaszczawa.pl\/index.php\/wp-json\/wp\/v2\/comments?post=1743"}],"version-history":[{"count":2,"href":"https:\/\/parafiaszczawa.pl\/index.php\/wp-json\/wp\/v2\/posts\/1743\/revisions"}],"predecessor-version":[{"id":1745,"href":"https:\/\/parafiaszczawa.pl\/index.php\/wp-json\/wp\/v2\/posts\/1743\/revisions\/1745"}],"wp:attachment":[{"href":"https:\/\/parafiaszczawa.pl\/index.php\/wp-json\/wp\/v2\/media?parent=1743"}],"wp:term":[{"taxonomy":"category","embeddable":true,"href":"https:\/\/parafiaszczawa.pl\/index.php\/wp-json\/wp\/v2\/categories?post=1743"},{"taxonomy":"post_tag","embeddable":true,"href":"https:\/\/parafiaszczawa.pl\/index.php\/wp-json\/wp\/v2\/tags?post=1743"}],"curies":[{"name":"wp","href":"https:\/\/api.w.org\/{rel}","templated":true}]}}