{"id":1942,"date":"2026-09-05T22:06:09","date_gmt":"2026-09-05T20:06:09","guid":{"rendered":"https:\/\/parafiaszczawa.pl\/?p=1942"},"modified":"2026-09-05T22:06:09","modified_gmt":"2026-09-05T20:06:09","slug":"ogloszenia-duszpasterskie","status":"publish","type":"post","link":"https:\/\/parafiaszczawa.pl\/index.php\/2026\/09\/05\/ogloszenia-duszpasterskie\/","title":{"rendered":"Og\u0142oszenia duszpasterskie\u00a0"},"content":{"rendered":"\n<p><strong>&nbsp;XXIII Niedziela Zwyk\u0142a (6 IX 2026 r.)<\/strong><\/p>\n\n\n\n<ol class=\"wp-block-list\">\n<li>W liturgii Ko\u015bcio\u0142a, w tym tygodniu:<\/li>\n<\/ol>\n\n\n\n<p>&#8211; we wtorek \u2013 Uroczysto\u015b\u0107 Narodzenia NMP, g\u0142\u00f3wnej Patronki diecezji tarnowskiej \u2013 po\u015bwi\u0119cenie ziarna.<\/p>\n\n\n\n<ol start=\"2\" class=\"wp-block-list\">\n<li>W najbli\u017csz\u0105 niedziel\u0119 13 wrze\u015bnia nabo\u017ce\u0144stwo fatimskie. Msza \u015aw.<br>o godz. 17:00, po niej procesja r\u00f3\u017ca\u0144cowa. Msz\u0119 \u015aw. prymicyjn\u0105 b\u0119dzie w\u00f3wczas sprawowa\u0142 ks. Arkadiusz Sopata z Kamienicy. Serdecznie wszystkich zapraszamy!<\/li>\n<\/ol>\n\n\n\n<ol start=\"3\" class=\"wp-block-list\">\n<li>SPOTKANIA FORMACYJNE w tym tygodniu:<\/li>\n<\/ol>\n\n\n\n<p>&#8211; <strong>w czwartek<\/strong> \u2013 spotkanie dla aspirant\u00f3w i ministrant\u00f3w o godz. 16:45,<br>a dla lektor\u00f3w o godz. 19:00. Zapraszamy tak\u017ce ch\u0142opc\u00f3w w tym dniu na Msz\u0119 \u015aw. wieczorn\u0105;<\/p>\n\n\n\n<p>&#8211; <strong>w pi\u0105tek<\/strong> \u2013 spotkanie KSM. Rozpoczniemy Msz\u0105 \u015aw. wieczorn\u0105, a potem spotkanie na plebanii;<\/p>\n\n\n\n<p>&#8211; <strong>w sobot\u0119<\/strong> \u2013 spotkanie DSM o godz. 10:00.<\/p>\n\n\n\n<p>Gdyby byli ch\u0119tni, by do\u0142\u0105czy\u0107 do naszych wsp\u00f3lnot to bardzo serdecznie zapraszamy!<\/p>\n\n\n\n<ol start=\"4\" class=\"wp-block-list\">\n<li>B\u00f3g zap\u0142a\u0107 ofiar\u0119 na mozaik\u0119, kt\u00f3r\u0105 z\u0142o\u017cy\u0142a jedna anonimowa osoba.<\/li>\n<\/ol>\n\n\n\n<p>B\u00f3g zap\u0142a\u0107 za trosk\u0119 o czysto\u015b\u0107 naszej \u015bwi\u0105tyni. Panu Krzysztofowi<br>za piel\u0119gnacj\u0119 krzew\u00f3w i za oprysk przeciw szkodnikom. Pani Marii z m\u0119\u017cem za sta\u0142\u0105 trosk\u0119 o pi\u0119kno dekoracji w ko\u015bciele. Za wszelkie dobro i modlitw\u0119 &#8211; B\u00f3g zap\u0142a\u0107!<\/p>\n\n\n\n<ol start=\"5\" class=\"wp-block-list\">\n<li>INTENCJE MSZALNE.\u00a0<\/li>\n<\/ol>\n\n\n\n<ol class=\"wp-block-list\">\n<li>Zach\u0119camy do czytania prasy katolickiej.<\/li>\n<\/ol>\n","protected":false},"excerpt":{"rendered":"<p>&nbsp;XXIII Niedziela Zwyk\u0142a (6 IX 2026 r.) &#8211; we wtorek \u2013 Uroczysto\u015b\u0107 Narodzenia NMP, g\u0142\u00f3wnej Patronki diecezji tarnowskiej \u2013 po\u015bwi\u0119cenie ziarna. &#8211; w czwartek \u2013 spotkanie dla aspirant\u00f3w i ministrant\u00f3w o godz. 16:45,a dla lektor\u00f3w o godz. 19:00. Zapraszamy tak\u017ce &hellip; <a href=\"https:\/\/parafiaszczawa.pl\/index.php\/2026\/09\/05\/ogloszenia-duszpasterskie\/\">Czytaj dalej <span class=\"meta-nav\">&rarr;<\/span><\/a><\/p>\n","protected":false},"author":2,"featured_media":0,"comment_status":"closed","ping_status":"closed","sticky":false,"template":"","format":"standard","meta":{"ngg_post_thumbnail":0,"footnotes":""},"categories":[1],"tags":[],"class_list":["post-1942","post","type-post","status-publish","format-standard","hentry","category-uncategorized"],"_links":{"self":[{"href":"https:\/\/parafiaszczawa.pl\/index.php\/wp-json\/wp\/v2\/posts\/1942","targetHints":{"allow":["GET"]}}],"collection":[{"href":"https:\/\/parafiaszczawa.pl\/index.php\/wp-json\/wp\/v2\/posts"}],"about":[{"href":"https:\/\/parafiaszczawa.pl\/index.php\/wp-json\/wp\/v2\/types\/post"}],"author":[{"embeddable":true,"href":"https:\/\/parafiaszczawa.pl\/index.php\/wp-json\/wp\/v2\/users\/2"}],"replies":[{"embeddable":true,"href":"https:\/\/parafiaszczawa.pl\/index.php\/wp-json\/wp\/v2\/comments?post=1942"}],"version-history":[{"count":1,"href":"https:\/\/parafiaszczawa.pl\/index.php\/wp-json\/wp\/v2\/posts\/1942\/revisions"}],"predecessor-version":[{"id":1943,"href":"https:\/\/parafiaszczawa.pl\/index.php\/wp-json\/wp\/v2\/posts\/1942\/revisions\/1943"}],"wp:attachment":[{"href":"https:\/\/parafiaszczawa.pl\/index.php\/wp-json\/wp\/v2\/media?parent=1942"}],"wp:term":[{"taxonomy":"category","embeddable":true,"href":"https:\/\/parafiaszczawa.pl\/index.php\/wp-json\/wp\/v2\/categories?post=1942"},{"taxonomy":"post_tag","embeddable":true,"href":"https:\/\/parafiaszczawa.pl\/index.php\/wp-json\/wp\/v2\/tags?post=1942"}],"curies":[{"name":"wp","href":"https:\/\/api.w.org\/{rel}","templated":true}]}}